{"id":161,"date":"2014-11-01T14:52:33","date_gmt":"2014-11-01T14:52:33","guid":{"rendered":"https:\/\/www.rundwanderung-lagomera.de\/?p=161"},"modified":"2019-12-22T17:37:06","modified_gmt":"2019-12-22T16:37:06","slug":"destaques","status":"publish","type":"post","link":"https:\/\/www.rundwanderung-lagomera.de\/pt\/highlights\/","title":{"rendered":"Destaques"},"content":{"rendered":"<div id=\"pl-161\"  class=\"panel-layout\" ><div id=\"pg-161-0\"  class=\"panel-grid panel-no-style\" ><div id=\"pgc-161-0-0\"  class=\"panel-grid-cell\" ><div id=\"panel-161-0-0-0\" class=\"so-panel widget widget_sow-editor panel-first-child\" data-index=\"0\" ><div\n\t\t\t\n\t\t\tclass=\"so-widget-sow-editor so-widget-sow-editor-base\"\n\t\t\t\n\t\t>\n<div class=\"siteorigin-widget-tinymce textwidget\">\n\t<p>La Gomera oferece belos destaques c\u00eanicos que se alternam em algumas trilhas quase a cada 5 minutos! \u00c9 assim que voc\u00ea \u00e9 recompensado pelos extenuantes metros verticais, dos quais voc\u00ea deve superar pelo menos 1.000 a 1.500 em cada etapa.<\/p>\n<p>Quem circunave La Gomera na GR-132 pode desfrutar de belas trilhas entre palmeiras, cactos, montanhas e mar e sempre desfrutar de uma vista do vizinho vulc\u00e3o Teide.<\/p>\n<\/div>\n<\/div><\/div><div id=\"panel-161-0-0-1\" class=\"so-panel widget widget_black-studio-tinymce widget_black_studio_tinymce\" data-index=\"1\" ><div class=\"textwidget\"><p><a href=\"https:\/\/www.rundwanderung-lagomera.de\/wp-content\/uploads\/2015\/01\/la-gomera-highlights-blick-auf-den-Teide.jpg\"><img decoding=\"async\" src=\"https:\/\/www.rundwanderung-lagomera.de\/wp-content\/uploads\/2015\/01\/la-gomera-highlights-blick-auf-den-Teide.jpg\" \/><\/a><\/p>\n<\/div><\/div><div id=\"panel-161-0-0-2\" class=\"so-panel widget widget_sow-image panel-last-child\" data-index=\"2\" ><div\n\t\t\t\n\t\t\tclass=\"so-widget-sow-image so-widget-sow-image-default-8b5b6f678277-161\"\n\t\t\t\n\t\t>\n<div class=\"sow-image-container\">\n\t\t\t<a href=\"https:\/\/www.rundwandern-lagomera.de\/wp-content\/uploads\/2016\/09\/la-gomera-rundwandern-etappe-3-ausblick-auf-dem-h\u00f6henweg-\u00fcber-taguluche.jpg\"\n\t\t\t\t\t>\n\t\t\t<img \n\tsrc=\"https:\/\/www.rundwandern-lagomera.de\/wp-content\/uploads\/2016\/09\/la-gomera-rundwandern-etappe-3-ausblick-auf-dem-h\u00f6henweg-\u00fcber-taguluche.jpg\" width=\"1600\" height=\"397\" srcset=\"\" sizes=\"(max-width: 1600px) 100vw, 1600px\" title=\"Vista na Alta Via Taguluche\" alt=\"\" \t\tclass=\"so-widget-image\" data-srcset=\"\"\/>\n\t\t\t<\/a><\/div>\n\n<\/div><\/div><\/div><\/div><div id=\"pg-161-1\"  class=\"panel-grid panel-no-style\" ><div id=\"pgc-161-1-0\"  class=\"panel-grid-cell\" ><div id=\"panel-161-1-0-0\" class=\"so-panel widget widget_sow-image panel-first-child\" data-index=\"3\" ><div\n\t\t\t\n\t\t\tclass=\"so-widget-sow-image so-widget-sow-image-default-8b5b6f678277-161\"\n\t\t\t\n\t\t>\n<div class=\"sow-image-container\">\n\t\t\t<a href=\"https:\/\/www.rundwanderung-lagomera.de\/wp-content\/uploads\/2015\/01\/la-gomera-rundwanderung-highlights-wege-4.jpg\"\n\t\t\t\t\t>\n\t\t\t<img \n\tsrc=\"https:\/\/www.rundwanderung-lagomera.de\/wp-content\/uploads\/2015\/01\/la-gomera-rundwanderung-highlights-wege-4.jpg\" width=\"546\" height=\"1200\" srcset=\"https:\/\/www.rundwanderung-lagomera.de\/wp-content\/uploads\/2015\/01\/la-gomera-rundwanderung-highlights-wege-4.jpg 546w, https:\/\/www.rundwanderung-lagomera.de\/wp-content\/uploads\/2015\/01\/la-gomera-rundwanderung-highlights-wege-4-137x300.jpg 137w, https:\/\/www.rundwanderung-lagomera.de\/wp-content\/uploads\/2015\/01\/la-gomera-rundwanderung-highlights-wege-4-466x1024.jpg 466w\" sizes=\"(max-width: 546px) 100vw, 546px\" title=\"la gomera caminhada circular \u2013 destaques \u2013 caminhos 4\" alt=\"\" \t\tclass=\"so-widget-image\"\/>\n\t\t\t<\/a><\/div>\n\n<\/div><\/div><div id=\"panel-161-1-0-1\" class=\"so-panel widget widget_sow-image\" data-index=\"4\" ><div\n\t\t\t\n\t\t\tclass=\"so-widget-sow-image so-widget-sow-image-default-8b5b6f678277-161\"\n\t\t\t\n\t\t>\n<div class=\"sow-image-container\">\n\t\t\t<a href=\"https:\/\/www.rundwanderung-lagomera.de\/wp-content\/uploads\/2015\/01\/la-gomera-rundwanderung-etappe-1-blick-aufs-valle-gran-rey.jpg\"\n\t\t\t\t\t>\n\t\t\t<img \n\tsrc=\"https:\/\/www.rundwanderung-lagomera.de\/wp-content\/uploads\/2015\/01\/la-gomera-rundwanderung-etappe-1-blick-aufs-valle-gran-rey.jpg\" width=\"1600\" height=\"409\" srcset=\"https:\/\/www.rundwanderung-lagomera.de\/wp-content\/uploads\/2015\/01\/la-gomera-rundwanderung-etappe-1-blick-aufs-valle-gran-rey.jpg 1600w, https:\/\/www.rundwanderung-lagomera.de\/wp-content\/uploads\/2015\/01\/la-gomera-rundwanderung-etappe-1-blick-aufs-valle-gran-rey-300x76.jpg 300w, https:\/\/www.rundwanderung-lagomera.de\/wp-content\/uploads\/2015\/01\/la-gomera-rundwanderung-etappe-1-blick-aufs-valle-gran-rey-1024x261.jpg 1024w\" sizes=\"(max-width: 1600px) 100vw, 1600px\" title=\"vista magn\u00edfica do Valle Gran Rey\" alt=\"vista magn\u00edfica do Valle Gran Rey\" \t\tclass=\"so-widget-image\"\/>\n\t\t\t<\/a><\/div>\n\n<\/div><\/div><div id=\"panel-161-1-0-2\" class=\"so-panel widget widget_sow-image\" data-index=\"5\" ><div\n\t\t\t\n\t\t\tclass=\"so-widget-sow-image so-widget-sow-image-default-8b5b6f678277-161\"\n\t\t\t\n\t\t>\n<div class=\"sow-image-container\">\n\t\t\t<a href=\"https:\/\/www.rundwanderung-lagomera.de\/wp-content\/uploads\/2016\/09\/la-gomera-rundwanderung-etappe-2-hochebene-nach-dem-aufstieg.jpg\"\n\t\t\t\t\t>\n\t\t\t<img \n\tsrc=\"https:\/\/www.rundwanderung-lagomera.de\/wp-content\/uploads\/2016\/09\/la-gomera-rundwanderung-etappe-2-hochebene-nach-dem-aufstieg.jpg\" width=\"1600\" height=\"411\" srcset=\"https:\/\/www.rundwanderung-lagomera.de\/wp-content\/uploads\/2016\/09\/la-gomera-rundwanderung-etappe-2-hochebene-nach-dem-aufstieg.jpg 1600w, https:\/\/www.rundwanderung-lagomera.de\/wp-content\/uploads\/2016\/09\/la-gomera-rundwanderung-etappe-2-hochebene-nach-dem-aufstieg-300x77.jpg 300w, https:\/\/www.rundwanderung-lagomera.de\/wp-content\/uploads\/2016\/09\/la-gomera-rundwanderung-etappe-2-hochebene-nach-dem-aufstieg-768x197.jpg 768w, https:\/\/www.rundwanderung-lagomera.de\/wp-content\/uploads\/2016\/09\/la-gomera-rundwanderung-etappe-2-hochebene-nach-dem-aufstieg-1024x263.jpg 1024w\" sizes=\"(max-width: 1600px) 100vw, 1600px\" title=\"Planalto acima do Valle Gran Rey\" alt=\"Planalto acima do Valle Gran Rey\" \t\tclass=\"so-widget-image\"\/>\n\t\t\t<\/a><\/div>\n\n<\/div><\/div><div id=\"panel-161-1-0-3\" class=\"so-panel widget widget_sow-image\" data-index=\"6\" ><div\n\t\t\t\n\t\t\tclass=\"so-widget-sow-image so-widget-sow-image-default-8b5b6f678277-161\"\n\t\t\t\n\t\t>\n<div class=\"sow-image-container\">\n\t\t\t<a href=\"https:\/\/www.rundwanderung-lagomera.de\/wp-content\/uploads\/2014\/10\/la-gomera-rundwanderung-startseite-1-weg-an-palmen-vorbei.jpg\"\n\t\t\t\t\t>\n\t\t\t<img \n\tsrc=\"https:\/\/www.rundwanderung-lagomera.de\/wp-content\/uploads\/2014\/10\/la-gomera-rundwanderung-startseite-1-weg-an-palmen-vorbei.jpg\" width=\"800\" height=\"600\" srcset=\"https:\/\/www.rundwanderung-lagomera.de\/wp-content\/uploads\/2014\/10\/la-gomera-rundwanderung-startseite-1-weg-an-palmen-vorbei.jpg 800w, https:\/\/www.rundwanderung-lagomera.de\/wp-content\/uploads\/2014\/10\/la-gomera-rundwanderung-startseite-1-weg-an-palmen-vorbei-300x225.jpg 300w\" sizes=\"(max-width: 800px) 100vw, 800px\" title=\"la gomera caminhada circular \u2013 p\u00e1gina inicial 1 \u2013 caminho passando por palmeiras\" alt=\"\" \t\tclass=\"so-widget-image\"\/>\n\t\t\t<\/a><\/div>\n\n<\/div><\/div><div id=\"panel-161-1-0-4\" class=\"so-panel widget widget_sow-image\" data-index=\"7\" ><div\n\t\t\t\n\t\t\tclass=\"so-widget-sow-image so-widget-sow-image-default-8b5b6f678277-161\"\n\t\t\t\n\t\t>\n<div class=\"sow-image-container\">\n\t\t\t<a href=\"https:\/\/www.rundwanderung-lagomera.de\/wp-content\/uploads\/2015\/02\/rundwanderung-la-gomera-etappe-3-kurvige-strasse.jpg\"\n\t\t\t\t\t>\n\t\t\t<img \n\tsrc=\"https:\/\/www.rundwanderung-lagomera.de\/wp-content\/uploads\/2015\/02\/rundwanderung-la-gomera-etappe-3-kurvige-strasse.jpg\" width=\"800\" height=\"800\" srcset=\"https:\/\/www.rundwanderung-lagomera.de\/wp-content\/uploads\/2015\/02\/rundwanderung-la-gomera-etappe-3-kurvige-strasse.jpg 800w, https:\/\/www.rundwanderung-lagomera.de\/wp-content\/uploads\/2015\/02\/rundwanderung-la-gomera-etappe-3-kurvige-strasse-150x150.jpg 150w, https:\/\/www.rundwanderung-lagomera.de\/wp-content\/uploads\/2015\/02\/rundwanderung-la-gomera-etappe-3-kurvige-strasse-300x300.jpg 300w\" sizes=\"(max-width: 800px) 100vw, 800px\" title=\"Vista de uma estrada muito sinuosa (etapa 3)\" alt=\"caminhada circular la gomera - estrada sinuosa - vista no est\u00e1gio 3\" \t\tclass=\"so-widget-image\"\/>\n\t\t\t<\/a><\/div>\n\n<\/div><\/div><div id=\"panel-161-1-0-5\" class=\"so-panel widget widget_sow-image\" data-index=\"8\" ><div\n\t\t\t\n\t\t\tclass=\"so-widget-sow-image so-widget-sow-image-default-8b5b6f678277-161\"\n\t\t\t\n\t\t>\n<div class=\"sow-image-container\">\n\t\t\t<a href=\"https:\/\/www.rundwanderung-lagomera.de\/wp-content\/uploads\/2015\/01\/la-gomera-rundwanderung-startseite-2-weg-nach-san-sebastian.jpg\"\n\t\t\t\t\t>\n\t\t\t<img \n\tsrc=\"https:\/\/www.rundwanderung-lagomera.de\/wp-content\/uploads\/2015\/01\/la-gomera-rundwanderung-startseite-2-weg-nach-san-sebastian.jpg\" width=\"1920\" height=\"496\" srcset=\"https:\/\/www.rundwanderung-lagomera.de\/wp-content\/uploads\/2015\/01\/la-gomera-rundwanderung-startseite-2-weg-nach-san-sebastian.jpg 1920w, https:\/\/www.rundwanderung-lagomera.de\/wp-content\/uploads\/2015\/01\/la-gomera-rundwanderung-startseite-2-weg-nach-san-sebastian-300x78.jpg 300w, https:\/\/www.rundwanderung-lagomera.de\/wp-content\/uploads\/2015\/01\/la-gomera-rundwanderung-startseite-2-weg-nach-san-sebastian-1024x265.jpg 1024w, https:\/\/www.rundwanderung-lagomera.de\/wp-content\/uploads\/2015\/01\/la-gomera-rundwanderung-startseite-2-weg-nach-san-sebastian-400x104.jpg 400w\" sizes=\"(max-width: 1920px) 100vw, 1920px\" title=\"A caminho de S\u00e3o Sebasti\u00e3o\" alt=\"A caminho de S\u00e3o Sebasti\u00e3o\" \t\tclass=\"so-widget-image\"\/>\n\t\t\t<\/a><\/div>\n\n<\/div><\/div><div id=\"panel-161-1-0-6\" class=\"so-panel widget widget_sow-image\" data-index=\"9\" ><div\n\t\t\t\n\t\t\tclass=\"so-widget-sow-image so-widget-sow-image-default-8b5b6f678277-161\"\n\t\t\t\n\t\t>\n<div class=\"sow-image-container\">\n\t\t\t<a href=\"https:\/\/www.rundwanderung-lagomera.de\/wp-content\/uploads\/2014\/10\/ein-kleiner-Leuchtturm-kennzeichnet-den-Eingang-zum-Hotel-Parador-de-la-Gomera.jpg\"\n\t\t\t\t\t>\n\t\t\t<img \n\tsrc=\"https:\/\/www.rundwanderung-lagomera.de\/wp-content\/uploads\/2014\/10\/ein-kleiner-Leuchtturm-kennzeichnet-den-Eingang-zum-Hotel-Parador-de-la-Gomera.jpg\" width=\"800\" height=\"600\" srcset=\"https:\/\/www.rundwanderung-lagomera.de\/wp-content\/uploads\/2014\/10\/ein-kleiner-Leuchtturm-kennzeichnet-den-Eingang-zum-Hotel-Parador-de-la-Gomera.jpg 800w, https:\/\/www.rundwanderung-lagomera.de\/wp-content\/uploads\/2014\/10\/ein-kleiner-Leuchtturm-kennzeichnet-den-Eingang-zum-Hotel-Parador-de-la-Gomera-300x225.jpg 300w, https:\/\/www.rundwanderung-lagomera.de\/wp-content\/uploads\/2014\/10\/ein-kleiner-Leuchtturm-kennzeichnet-den-Eingang-zum-Hotel-Parador-de-la-Gomera-768x576.jpg 768w\" sizes=\"(max-width: 800px) 100vw, 800px\" title=\"um pequeno farol marca a entrada do Hotel Parador de la Gomera\" alt=\"\" \t\tclass=\"so-widget-image\"\/>\n\t\t\t<\/a><\/div>\n\n<\/div><\/div><div id=\"panel-161-1-0-7\" class=\"so-panel widget widget_sow-image panel-last-child\" data-index=\"10\" ><div\n\t\t\t\n\t\t\tclass=\"so-widget-sow-image so-widget-sow-image-default-8b5b6f678277-161\"\n\t\t\t\n\t\t>\n<div class=\"sow-image-container\">\n\t\t\t<a href=\"https:\/\/www.rundwanderung-lagomera.de\/wp-content\/uploads\/2015\/02\/rundwanderung-la-gomera-spektakul\u00e4re-Sicht-bei-jedem-Wetter.jpg\"\n\t\t\t\t\t>\n\t\t\t<img \n\tsrc=\"https:\/\/www.rundwanderung-lagomera.de\/wp-content\/uploads\/2015\/02\/rundwanderung-la-gomera-spektakul\u00e4re-Sicht-bei-jedem-Wetter.jpg\" width=\"1776\" height=\"640\" srcset=\"https:\/\/www.rundwanderung-lagomera.de\/wp-content\/uploads\/2015\/02\/rundwanderung-la-gomera-spektakul\u00e4re-Sicht-bei-jedem-Wetter.jpg 1776w, https:\/\/www.rundwanderung-lagomera.de\/wp-content\/uploads\/2015\/02\/rundwanderung-la-gomera-spektakul\u00e4re-Sicht-bei-jedem-Wetter-300x108.jpg 300w, https:\/\/www.rundwanderung-lagomera.de\/wp-content\/uploads\/2015\/02\/rundwanderung-la-gomera-spektakul\u00e4re-Sicht-bei-jedem-Wetter-1024x369.jpg 1024w\" sizes=\"(max-width: 1776px) 100vw, 1776px\" title=\"caminhada circular la gomera \u2013 vistas espetaculares em qualquer clima\" alt=\"\" \t\tclass=\"so-widget-image\"\/>\n\t\t\t<\/a><\/div>\n\n<\/div><\/div><\/div><div id=\"pgc-161-1-1\"  class=\"panel-grid-cell\" ><div id=\"panel-161-1-1-0\" class=\"so-panel widget widget_sow-image panel-first-child\" data-index=\"11\" ><div\n\t\t\t\n\t\t\tclass=\"so-widget-sow-image so-widget-sow-image-default-8b5b6f678277-161\"\n\t\t\t\n\t\t>\n<div class=\"sow-image-container\">\n\t\t\t<a href=\"https:\/\/www.rundwanderung-lagomera.de\/wp-content\/uploads\/2015\/01\/hotel-torre-del-conde-ausblick-von-der-Dachterrasse.jpg\"\n\t\t\t\t\t>\n\t\t\t<img \n\tsrc=\"https:\/\/www.rundwanderung-lagomera.de\/wp-content\/uploads\/2015\/01\/hotel-torre-del-conde-ausblick-von-der-Dachterrasse.jpg\" width=\"1200\" height=\"1200\" srcset=\"https:\/\/www.rundwanderung-lagomera.de\/wp-content\/uploads\/2015\/01\/hotel-torre-del-conde-ausblick-von-der-Dachterrasse.jpg 1200w, https:\/\/www.rundwanderung-lagomera.de\/wp-content\/uploads\/2015\/01\/hotel-torre-del-conde-ausblick-von-der-Dachterrasse-150x150.jpg 150w, https:\/\/www.rundwanderung-lagomera.de\/wp-content\/uploads\/2015\/01\/hotel-torre-del-conde-ausblick-von-der-Dachterrasse-300x300.jpg 300w, https:\/\/www.rundwanderung-lagomera.de\/wp-content\/uploads\/2015\/01\/hotel-torre-del-conde-ausblick-von-der-Dachterrasse-1024x1024.jpg 1024w\" sizes=\"(max-width: 1200px) 100vw, 1200px\" title=\"hotel torre del conde \u2013 vista do terra\u00e7o\" alt=\"\" \t\tclass=\"so-widget-image\"\/>\n\t\t\t<\/a><\/div>\n\n<\/div><\/div><div id=\"panel-161-1-1-1\" class=\"so-panel widget widget_black-studio-tinymce widget_black_studio_tinymce\" data-index=\"12\" ><div class=\"textwidget\"><p><a href=\"https:\/\/www.rundwanderung-lagomera.de\/wp-content\/uploads\/2015\/01\/la-gomera-rundwanderung-startseite-1-ausblick-valle-gran-rey.jpg\"><img decoding=\"async\" src=\"https:\/\/www.rundwanderung-lagomera.de\/wp-content\/uploads\/2015\/01\/la-gomera-rundwanderung-startseite-1-ausblick-valle-gran-rey.jpg\" \/><\/a><\/p>\n<\/div><\/div><div id=\"panel-161-1-1-2\" class=\"so-panel widget widget_sow-image\" data-index=\"13\" ><div\n\t\t\t\n\t\t\tclass=\"so-widget-sow-image so-widget-sow-image-default-8b5b6f678277-161\"\n\t\t\t\n\t\t>\n<div class=\"sow-image-container\">\n\t\t\t<a href=\"https:\/\/www.rundwanderung-lagomera.de\/wp-content\/uploads\/2016\/09\/la-gomera-rundwanderung-etappe-3-wasserbecken-bei-alojera.jpg\"\n\t\t\t\t\t>\n\t\t\t<img \n\tsrc=\"https:\/\/www.rundwanderung-lagomera.de\/wp-content\/uploads\/2016\/09\/la-gomera-rundwanderung-etappe-3-wasserbecken-bei-alojera.jpg\" width=\"1600\" height=\"527\" srcset=\"https:\/\/www.rundwanderung-lagomera.de\/wp-content\/uploads\/2016\/09\/la-gomera-rundwanderung-etappe-3-wasserbecken-bei-alojera.jpg 1600w, https:\/\/www.rundwanderung-lagomera.de\/wp-content\/uploads\/2016\/09\/la-gomera-rundwanderung-etappe-3-wasserbecken-bei-alojera-300x99.jpg 300w, https:\/\/www.rundwanderung-lagomera.de\/wp-content\/uploads\/2016\/09\/la-gomera-rundwanderung-etappe-3-wasserbecken-bei-alojera-768x253.jpg 768w, https:\/\/www.rundwanderung-lagomera.de\/wp-content\/uploads\/2016\/09\/la-gomera-rundwanderung-etappe-3-wasserbecken-bei-alojera-1024x337.jpg 1024w\" sizes=\"(max-width: 1600px) 100vw, 1600px\" title=\"Uma das in\u00fameras piscinas perto de Alojera\" alt=\"Uma das in\u00fameras piscinas perto de Alojera\" \t\tclass=\"so-widget-image\"\/>\n\t\t\t<\/a><\/div>\n\n<\/div><\/div><div id=\"panel-161-1-1-3\" class=\"so-panel widget widget_sow-image\" data-index=\"14\" ><div\n\t\t\t\n\t\t\tclass=\"so-widget-sow-image so-widget-sow-image-default-8b5b6f678277-161\"\n\t\t\t\n\t\t>\n<div class=\"sow-image-container\">\n\t\t\t<a href=\"https:\/\/www.rundwanderung-lagomera.de\/wp-content\/uploads\/2015\/01\/la-gomera-rundwanderung-highlights-wege-1.jpg\"\n\t\t\t\t\t>\n\t\t\t<img \n\tsrc=\"https:\/\/www.rundwanderung-lagomera.de\/wp-content\/uploads\/2015\/01\/la-gomera-rundwanderung-highlights-wege-1.jpg\" width=\"434\" height=\"1200\" srcset=\"https:\/\/www.rundwanderung-lagomera.de\/wp-content\/uploads\/2015\/01\/la-gomera-rundwanderung-highlights-wege-1.jpg 434w, https:\/\/www.rundwanderung-lagomera.de\/wp-content\/uploads\/2015\/01\/la-gomera-rundwanderung-highlights-wege-1-109x300.jpg 109w, https:\/\/www.rundwanderung-lagomera.de\/wp-content\/uploads\/2015\/01\/la-gomera-rundwanderung-highlights-wege-1-370x1024.jpg 370w\" sizes=\"(max-width: 434px) 100vw, 434px\" title=\"la gomera caminhada circular \u2013 destaques \u2013 caminhos 1\" alt=\"\" \t\tclass=\"so-widget-image\"\/>\n\t\t\t<\/a><\/div>\n\n<\/div><\/div><div id=\"panel-161-1-1-4\" class=\"so-panel widget widget_sow-image\" data-index=\"15\" ><div\n\t\t\t\n\t\t\tclass=\"so-widget-sow-image so-widget-sow-image-default-8b5b6f678277-161\"\n\t\t\t\n\t\t>\n<div class=\"sow-image-container\">\n\t\t\t<a href=\"https:\/\/www.rundwanderung-lagomera.de\/wp-content\/uploads\/2016\/09\/la-gomera-rundwanderung-etappe-3-palmenlandschaft-in-alojera.jpg\"\n\t\t\t\t\t>\n\t\t\t<img \n\tsrc=\"https:\/\/www.rundwanderung-lagomera.de\/wp-content\/uploads\/2016\/09\/la-gomera-rundwanderung-etappe-3-palmenlandschaft-in-alojera.jpg\" width=\"1600\" height=\"523\" srcset=\"https:\/\/www.rundwanderung-lagomera.de\/wp-content\/uploads\/2016\/09\/la-gomera-rundwanderung-etappe-3-palmenlandschaft-in-alojera.jpg 1600w, https:\/\/www.rundwanderung-lagomera.de\/wp-content\/uploads\/2016\/09\/la-gomera-rundwanderung-etappe-3-palmenlandschaft-in-alojera-300x98.jpg 300w, https:\/\/www.rundwanderung-lagomera.de\/wp-content\/uploads\/2016\/09\/la-gomera-rundwanderung-etappe-3-palmenlandschaft-in-alojera-768x251.jpg 768w, https:\/\/www.rundwanderung-lagomera.de\/wp-content\/uploads\/2016\/09\/la-gomera-rundwanderung-etappe-3-palmenlandschaft-in-alojera-1024x335.jpg 1024w\" sizes=\"(max-width: 1600px) 100vw, 1600px\" title=\"Paisagem de palmeiras em Alojera\" alt=\"Paisagem de palmeiras em Alojera\" \t\tclass=\"so-widget-image\"\/>\n\t\t\t<\/a><\/div>\n\n<\/div><\/div><div id=\"panel-161-1-1-5\" class=\"so-panel widget widget_black-studio-tinymce widget_black_studio_tinymce\" data-index=\"16\" ><div class=\"textwidget\"><p><a href=\"https:\/\/www.rundwanderung-lagomera.de\/wp-content\/uploads\/2015\/01\/la-gomera-highlights-blick-ins-valle-gran-rey-21.jpg\"><img decoding=\"async\" src=\"https:\/\/www.rundwanderung-lagomera.de\/wp-content\/uploads\/2015\/01\/la-gomera-highlights-blick-ins-valle-gran-rey-21.jpg\" \/><\/a><\/p>\n<\/div><\/div><div id=\"panel-161-1-1-6\" class=\"so-panel widget widget_sow-image panel-last-child\" data-index=\"17\" ><div\n\t\t\t\n\t\t\tclass=\"so-widget-sow-image so-widget-sow-image-default-8b5b6f678277-161\"\n\t\t\t\n\t\t>\n<div class=\"sow-image-container\">\n\t\t\t<a href=\"https:\/\/www.rundwanderung-lagomera.de\/wp-content\/uploads\/2015\/01\/la-gomera-highlights-blick-auf-den-Teide-2.jpg\"\n\t\t\t\t\t>\n\t\t\t<img \n\tsrc=\"https:\/\/www.rundwanderung-lagomera.de\/wp-content\/uploads\/2015\/01\/la-gomera-highlights-blick-auf-den-Teide-2.jpg\" width=\"1200\" height=\"1200\" srcset=\"https:\/\/www.rundwanderung-lagomera.de\/wp-content\/uploads\/2015\/01\/la-gomera-highlights-blick-auf-den-Teide-2.jpg 1200w, https:\/\/www.rundwanderung-lagomera.de\/wp-content\/uploads\/2015\/01\/la-gomera-highlights-blick-auf-den-Teide-2-150x150.jpg 150w, https:\/\/www.rundwanderung-lagomera.de\/wp-content\/uploads\/2015\/01\/la-gomera-highlights-blick-auf-den-Teide-2-300x300.jpg 300w, https:\/\/www.rundwanderung-lagomera.de\/wp-content\/uploads\/2015\/01\/la-gomera-highlights-blick-auf-den-Teide-2-1024x1024.jpg 1024w\" sizes=\"(max-width: 1200px) 100vw, 1200px\" title=\"Destaques de La Gomera - Vista do Monte Teide\" alt=\"Destaques de La Gomera - Vista do Monte Teide\" \t\tclass=\"so-widget-image\"\/>\n\t\t\t<\/a><\/div>\n\n<\/div><\/div><\/div><div id=\"pgc-161-1-2\"  class=\"panel-grid-cell\" ><div id=\"panel-161-1-2-0\" class=\"so-panel widget widget_sow-image panel-first-child\" data-index=\"18\" ><div\n\t\t\t\n\t\t\tclass=\"so-widget-sow-image so-widget-sow-image-default-8b5b6f678277-161\"\n\t\t\t\n\t\t>\n<div class=\"sow-image-container\">\n\t\t\t<a href=\"https:\/\/www.rundwanderung-lagomera.de\/wp-content\/uploads\/2015\/01\/la-gomera-rundwanderung-highlights-wege-2.jpg\"\n\t\t\t\t\t>\n\t\t\t<img \n\tsrc=\"https:\/\/www.rundwanderung-lagomera.de\/wp-content\/uploads\/2015\/01\/la-gomera-rundwanderung-highlights-wege-2.jpg\" width=\"568\" height=\"1200\" srcset=\"https:\/\/www.rundwanderung-lagomera.de\/wp-content\/uploads\/2015\/01\/la-gomera-rundwanderung-highlights-wege-2.jpg 568w, https:\/\/www.rundwanderung-lagomera.de\/wp-content\/uploads\/2015\/01\/la-gomera-rundwanderung-highlights-wege-2-142x300.jpg 142w, https:\/\/www.rundwanderung-lagomera.de\/wp-content\/uploads\/2015\/01\/la-gomera-rundwanderung-highlights-wege-2-485x1024.jpg 485w\" sizes=\"(max-width: 568px) 100vw, 568px\" title=\"la gomera caminhada circular \u2013 destaques \u2013 caminhos 2\" alt=\"\" \t\tclass=\"so-widget-image\"\/>\n\t\t\t<\/a><\/div>\n\n<\/div><\/div><div id=\"panel-161-1-2-1\" class=\"so-panel widget widget_black-studio-tinymce widget_black_studio_tinymce\" data-index=\"19\" ><div class=\"textwidget\"><p><a href=\"https:\/\/www.rundwanderung-lagomera.de\/wp-content\/uploads\/2015\/02\/rundwanderung-la-gomera-highlights-wanderwege-mit-ausblick-und-meer.jpg\"><img decoding=\"async\" src=\"https:\/\/www.rundwanderung-lagomera.de\/wp-content\/uploads\/2015\/02\/rundwanderung-la-gomera-highlights-wanderwege-mit-ausblick-und-meer.jpg\" \/><\/a><\/p>\n<\/div><\/div><div id=\"panel-161-1-2-2\" class=\"so-panel widget widget_sow-image\" data-index=\"20\" ><div\n\t\t\t\n\t\t\tclass=\"so-widget-sow-image so-widget-sow-image-default-8b5b6f678277-161\"\n\t\t\t\n\t\t>\n<div class=\"sow-image-container\">\n\t\t\t<a href=\"https:\/\/www.rundwandern-lagomera.de\/wp-content\/uploads\/2014\/10\/la-gomera-rundwandern-etappe-1-weg-durch-gr\u00fcne-Terassen-bei-los-manantiales.jpg\"\n\t\t\t\t\t>\n\t\t\t<img \n\tsrc=\"https:\/\/www.rundwandern-lagomera.de\/wp-content\/uploads\/2014\/10\/la-gomera-rundwandern-etappe-1-weg-durch-gr\u00fcne-Terassen-bei-los-manantiales.jpg\" width=\"600\" height=\"800\" srcset=\"\" sizes=\"(max-width: 600px) 100vw, 600px\" title=\"la gomera caminhada circular \u2013 etapa 1 \u2013 caminho atrav\u00e9s de terra\u00e7os verdes perto de los manantiales\" alt=\"\" \t\tclass=\"so-widget-image\" data-srcset=\"\"\/>\n\t\t\t<\/a><\/div>\n\n<\/div><\/div><div id=\"panel-161-1-2-3\" class=\"so-panel widget widget_sow-image panel-last-child\" data-index=\"21\" ><div\n\t\t\t\n\t\t\tclass=\"so-widget-sow-image so-widget-sow-image-default-8b5b6f678277-161\"\n\t\t\t\n\t\t>\n<div class=\"sow-image-container\">\n\t\t\t<a href=\"https:\/\/www.rundwanderung-lagomera.de\/wp-content\/uploads\/2015\/01\/la-gomera-rundwanderung-highlights-wege-3.jpg\"\n\t\t\t\t\t>\n\t\t\t<img \n\tsrc=\"https:\/\/www.rundwanderung-lagomera.de\/wp-content\/uploads\/2015\/01\/la-gomera-rundwanderung-highlights-wege-3.jpg\" width=\"464\" height=\"1200\" srcset=\"https:\/\/www.rundwanderung-lagomera.de\/wp-content\/uploads\/2015\/01\/la-gomera-rundwanderung-highlights-wege-3.jpg 464w, https:\/\/www.rundwanderung-lagomera.de\/wp-content\/uploads\/2015\/01\/la-gomera-rundwanderung-highlights-wege-3-116x300.jpg 116w, https:\/\/www.rundwanderung-lagomera.de\/wp-content\/uploads\/2015\/01\/la-gomera-rundwanderung-highlights-wege-3-396x1024.jpg 396w\" sizes=\"(max-width: 464px) 100vw, 464px\" title=\"la gomera caminhada circular \u2013 destaques \u2013 trilhas 3\" alt=\"\" \t\tclass=\"so-widget-image\"\/>\n\t\t\t<\/a><\/div>\n\n<\/div><\/div><\/div><\/div><div id=\"pg-161-2\"  class=\"panel-grid panel-no-style\" ><div id=\"pgc-161-2-0\"  class=\"panel-grid-cell\" ><div id=\"panel-161-2-0-0\" class=\"so-panel widget widget_black-studio-tinymce widget_black_studio_tinymce panel-first-child panel-last-child\" data-index=\"22\" ><div class=\"textwidget\"><hr \/>\n<h4>Muitas outras ideias inspiradoras...<\/h4>\n<p><a href=\"https:\/\/www.wanderndeluxe.de\/\" target=\"_blank\" rel=\"noopener\"><img loading=\"lazy\" decoding=\"async\" class=\"alignnone wp-image-19322 size-full\" src=\"https:\/\/www.rundwanderung-lagomera.de\/wp-content\/uploads\/2014\/11\/Wanderndeluxe-Fernwanderwege.jpg\" alt=\"\" width=\"1600\" height=\"600\" srcset=\"https:\/\/www.rundwanderung-lagomera.de\/wp-content\/uploads\/2014\/11\/Wanderndeluxe-Fernwanderwege.jpg 1600w, https:\/\/www.rundwanderung-lagomera.de\/wp-content\/uploads\/2014\/11\/Wanderndeluxe-Fernwanderwege-300x113.jpg 300w, https:\/\/www.rundwanderung-lagomera.de\/wp-content\/uploads\/2014\/11\/Wanderndeluxe-Fernwanderwege-768x288.jpg 768w, https:\/\/www.rundwanderung-lagomera.de\/wp-content\/uploads\/2014\/11\/Wanderndeluxe-Fernwanderwege-1024x384.jpg 1024w\" sizes=\"auto, (max-width: 1600px) 100vw, 1600px\" \/><\/a><\/p>\n<p>... para caminhadas mediterr\u00e2neas de longa dist\u00e2ncia podem ser encontradas em <a href=\"https:\/\/www.wanderndeluxe.de\/\" target=\"_blank\" rel=\"noopener\">www.wanderndeluxe.de<\/a>!<\/p>\n<p>A prop\u00f3sito, isso \u00e9 novo no programa <a href=\"https:\/\/www.kuestenwanderweg-marseille.de\/\" target=\"_blank\" rel=\"noopener\">Caminhada costeira na reserva natural de Calanques perto de Marselha<\/a>.<\/p>\n<\/div><\/div><\/div><\/div><\/div>","protected":false},"excerpt":{"rendered":"<p>La Gomera bietet wundersch\u00f6ne landschaftliche Highlights, die sich auf manchen Wanderstrecken beinahe im 5-Minuten-Rhythmus abwechseln! So wird man f\u00fcr die anstrengenden H\u00f6henmeter belohnt, von denen man auf jeder Etappe mindestens 1000 bis 1500 \u00fcberwinden muss. Wer La Gomera auf dem GR-132 umrundet, kann wundersch\u00f6ne Wanderwege zwischen Palmen, Kakteen, Bergen und Meer genie\u00dfen und kommt immer [&hellip;]<\/p>\n","protected":false},"author":1,"featured_media":0,"comment_status":"closed","ping_status":"closed","sticky":false,"template":"","format":"standard","meta":{"footnotes":""},"categories":[7],"tags":[],"class_list":["post-161","post","type-post","status-publish","format-standard","hentry","category-highlights"],"_links":{"self":[{"href":"https:\/\/www.rundwanderung-lagomera.de\/pt\/wp-json\/wp\/v2\/posts\/161","targetHints":{"allow":["GET"]}}],"collection":[{"href":"https:\/\/www.rundwanderung-lagomera.de\/pt\/wp-json\/wp\/v2\/posts"}],"about":[{"href":"https:\/\/www.rundwanderung-lagomera.de\/pt\/wp-json\/wp\/v2\/types\/post"}],"author":[{"embeddable":true,"href":"https:\/\/www.rundwanderung-lagomera.de\/pt\/wp-json\/wp\/v2\/users\/1"}],"replies":[{"embeddable":true,"href":"https:\/\/www.rundwanderung-lagomera.de\/pt\/wp-json\/wp\/v2\/comments?post=161"}],"version-history":[{"count":0,"href":"https:\/\/www.rundwanderung-lagomera.de\/pt\/wp-json\/wp\/v2\/posts\/161\/revisions"}],"wp:attachment":[{"href":"https:\/\/www.rundwanderung-lagomera.de\/pt\/wp-json\/wp\/v2\/media?parent=161"}],"wp:term":[{"taxonomy":"category","embeddable":true,"href":"https:\/\/www.rundwanderung-lagomera.de\/pt\/wp-json\/wp\/v2\/categories?post=161"},{"taxonomy":"post_tag","embeddable":true,"href":"https:\/\/www.rundwanderung-lagomera.de\/pt\/wp-json\/wp\/v2\/tags?post=161"}],"curies":[{"name":"wp","href":"https:\/\/api.w.org\/{rel}","templated":true}]}}