{"id":54,"date":"2014-10-26T10:23:23","date_gmt":"2014-10-26T10:23:23","guid":{"rendered":"https:\/\/www.rundwanderung-lagomera.de\/?p=54"},"modified":"2019-12-22T18:34:03","modified_gmt":"2019-12-22T17:34:03","slug":"etapes-2-directions","status":"publish","type":"post","link":"https:\/\/www.rundwanderung-lagomera.de\/fr\/etappe-2-wegbeschreibung\/","title":{"rendered":"\u00c9tape 2 : Itin\u00e9raire"},"content":{"rendered":"<div id=\"pl-54\"  class=\"panel-layout\" ><div id=\"pg-54-0\"  class=\"panel-grid panel-no-style\" ><div id=\"pgc-54-0-0\"  class=\"panel-grid-cell\" ><div id=\"panel-54-0-0-0\" class=\"so-panel widget widget_metaslider_widget panel-first-child panel-last-child\" data-index=\"0\" ><div id=\"metaslider-id-279\" style=\"width: 100%;\" class=\"ml-slider-3-108-0 metaslider metaslider-flex metaslider-279 ml-slider has-dots-nav ms-theme-simply-dark\" role=\"region\" aria-label=\"\u00e9tape 2\" data-height=\"440\" data-width=\"1600\">\n    <div id=\"metaslider_container_279\">\n        <div id=\"metaslider_279\">\n            <ul class='slides'>\n                <li style=\"display: block; width: 100%;\" class=\"slide-3087 ms-image\" aria-roledescription=\"slide\" data-date=\"2016-09-02 16:23:28\" data-filename=\"la-gomera-rundwanderung-etappe-2-aufstieg-aus-dem-valle-gran-rey-1600x440.jpg\" data-slide-type=\"image\"><a href=\"https:\/\/www.rundwanderung-lagomera.de\/wp-content\/uploads\/2016\/09\/la-gomera-rundwanderung-etappe-2-aufstieg-aus-dem-valle-gran-rey.jpg\" target=\"_self\" aria-label=\"Voir les d\u00e9tails de la diapositive\" class=\"metaslider_image_link\"><img loading=\"lazy\" decoding=\"async\" src=\"https:\/\/www.rundwanderung-lagomera.de\/wp-content\/uploads\/2016\/09\/la-gomera-rundwanderung-etappe-2-aufstieg-aus-dem-valle-gran-rey-1600x440.jpg\" height=\"440\" width=\"1600\" alt=\"vue grandiose sur la mont\u00e9e depuis la Valle Gran Rey\" class=\"slider-279 slide-3087 msDefaultImage\" \/><\/a><div class=\"caption-wrap\"><div class=\"caption\">vue grandiose sur la mont\u00e9e depuis la Valle Gran Rey<\/div><\/div><\/li>\n                <li style=\"display: none; width: 100%;\" class=\"slide-3086 ms-image\" aria-roledescription=\"slide\" data-date=\"2016-09-02 16:20:57\" data-filename=\"la-gomera-rundwanderung-etappe-2-hochebene-nach-dem-aufstieg-1494x411.jpg\" data-slide-type=\"image\"><a href=\"https:\/\/www.rundwanderung-lagomera.de\/wp-content\/uploads\/2016\/09\/la-gomera-rundwanderung-etappe-2-hochebene-nach-dem-aufstieg.jpg\" target=\"_self\" aria-label=\"Voir les d\u00e9tails de la diapositive\" class=\"metaslider_image_link\"><img loading=\"lazy\" decoding=\"async\" src=\"https:\/\/www.rundwanderung-lagomera.de\/wp-content\/uploads\/2016\/09\/la-gomera-rundwanderung-etappe-2-hochebene-nach-dem-aufstieg-1494x411.jpg\" height=\"440\" width=\"1600\" alt=\"Plateau au-dessus de Valle Gran Rey\" class=\"slider-279 slide-3086 msDefaultImage\" \/><\/a><div class=\"caption-wrap\"><div class=\"caption\">Plateau au-dessus de Valle Gran Rey<\/div><\/div><\/li>\n                <li style=\"display: none; width: 100%;\" class=\"slide-3088 ms-image\" aria-roledescription=\"slide\" data-date=\"2016-09-02 16:26:28\" data-filename=\"la-gomera-rundwanderung-etappe-2-blick-auf-die-weichen-h\u00fcgel-von-arure-1600x440.jpg\" data-slide-type=\"image\"><a href=\"https:\/\/www.rundwandern-lagomera.de\/wp-content\/uploads\/2016\/09\/la-gomera-rundwandern-etappe-2-blick-auf-die-weiche-H\u00fcgel-von-arure.jpg\" target=\"_self\" aria-label=\"Voir les d\u00e9tails de la diapositive\" class=\"metaslider_image_link\"><img loading=\"lazy\" decoding=\"async\" src=\"https:\/\/www.rundwanderung-lagomera.de\/wp-content\/uploads\/2016\/09\/la-gomera-rundwanderung-etappe-2-blick-auf-die-weichen-h\u00fcgel-von-arure-1600x440.jpg\" height=\"440\" width=\"1600\" alt=\"\" class=\"slider-279 slide-3088 msDefaultImage\" \/><\/a><div class=\"caption-wrap\"><div class=\"caption\">Vues sur les douces collines d&#039;Arure<\/div><\/div><\/li>\n            <\/ul>\n        <\/div>\n        \n    <\/div>\n<\/div><\/div><\/div><\/div><div id=\"pg-54-1\"  class=\"panel-grid panel-no-style\" ><div id=\"pgc-54-1-0\"  class=\"panel-grid-cell\" ><div id=\"panel-54-1-0-0\" class=\"so-panel widget widget_sow-editor panel-first-child panel-last-child\" data-index=\"1\" ><div\n\t\t\t\n\t\t\tclass=\"so-widget-sow-editor so-widget-sow-editor-base\"\n\t\t\t\n\t\t><h3 class=\"widget-title\">Itin\u00e9raire\/Itin\u00e9raire<\/h3>\n<div class=\"siteorigin-widget-tinymce textwidget\">\n\t<p>Notre deuxi\u00e8me journ\u00e9e de randonn\u00e9e commence dans le quartier de &quot;La Calera&quot;. Nous montons \u00e0 travers les rues \u00e9troites du village jusqu&#039;\u00e0 ce que nous atteignions le m\u00e2t d&#039;antenne directement au-dessus du village (waypoint 1). De l\u00e0, le chemin nous m\u00e8ne sur quatre marches de pierre jusqu&#039;\u00e0 un panneau indicateur, o\u00f9 nous rencontrons le chemin officiellement d\u00e9sign\u00e9 GR-132 (waypoint 2), qui m\u00e8ne ici depuis la route principale. Si vous n&#039;\u00eates pas rest\u00e9 \u00e0 &quot;La Calera&quot; mais plus haut dans la vall\u00e9e, vous pouvez continuer \u00e0 partir de l\u00e0.<br \/>\nL&#039;ascension qui suit est \u00e0 la fois ardue et int\u00e9ressante : elle offre un panorama incroyable sur le delta verdoyant de la Valle Gran Rey, la mer d&#039;un bleu profond et les puissants rochers de l&#039;\u00eele. En cons\u00e9quence, cet itin\u00e9raire de randonn\u00e9e est bien fr\u00e9quent\u00e9. Apr\u00e8s environ 1h45, nous atteignons le point de vue &quot;Riscos de La M\u00e9rica&quot; (waypoint 3), qui peut \u00eatre reconnu par un seul arbre et peut \u00eatre atteint \u00e0 la fin de l&#039;ascension dans une courte section relativement plate. Au bord du massif rocheux, nous avons une vue sur les deux vall\u00e9es : la Valle Gran Rey et la gorge adjacente avec ses tons de roche ocre et rouge\u00e2tre.<\/p>\n<p>Nous quittons le point de vue apr\u00e8s l&#039;arbre en direction du nord et le chemin devient beaucoup plus solitaire. Nous marchons quelque temps le long de la bordure ouest d&#039;un plateau couvert de buissons et vers deux affleurements rocheux plats. Le chemin m\u00e8ne entre ces deux et rejoint le chemin l\u00e9g\u00e8rement plus large qui longeait le bord est du plateau (waypoint 4). De l\u00e0, nous avons une vue sur Valle Gran Rey et une grande partie de l&#039;itin\u00e9raire que nous avons parcouru lors de l&#039;\u00e9tape 1.<br \/>\nNous suivons le chemin le long de la cr\u00eate et obtenons toujours de superbes vues \u00e0 gauche et \u00e0 droite : avec une bonne visibilit\u00e9, nous pouvons voir l&#039;\u00eele voisine de &quot;La Palma&quot; avec ses deux \u00e9l\u00e9vations \u00e0 l&#039;horizon. Les vues des vall\u00e9es lat\u00e9rales inhabit\u00e9es vers la mer et la vall\u00e9e de Taguluche sont \u00e9galement tr\u00e8s spectaculaires.<\/p>\n<p>Au loin on aper\u00e7oit d\u00e9j\u00e0 les maisons blanches d&#039;Arure, que l&#039;on atteint vers 3h00 du matin du d\u00e9part. Aux premi\u00e8res maisons d&#039;Arure nous entrons dans une route goudronn\u00e9e. Apr\u00e8s un virage \u00e0 gauche, le GR-132 bifurque en direction de &quot;Alojera&quot; et passe sous une arche (waypoint 5). Ici nous recommencerons demain dans le GR-132. Aujourd&#039;hui, en revanche, nous d\u00e9cidons de passer la nuit \u00e0 &quot;Las Hayas&quot;, qui est un peu \u00e0 l&#039;\u00e9cart du GR-132 et acceptons un petit d\u00e9tour, nous continuons donc \u00e0 suivre la route goudronn\u00e9e jusqu&#039;au centre d&#039;Arure. Ici, vous pourrez faire une pause dans l&#039;un des deux restaurants de la ville. Le restaurant &quot;El Jape&quot; (waypoint 6) est tr\u00e8s appr\u00e9ci\u00e9 des randonneurs, ce qui devient visible lors d&#039;une randonn\u00e9e dans le village de l&#039;autre c\u00f4t\u00e9 de la gorge (reconnaissable par le parking en face ou par la &quot;Tienda del vino&quot; \u00e9crite en grosses lettres juste \u00e0 c\u00f4t\u00e9). Les exploitants du restaurant &quot;El Jape&quot; louent deux petits appartements de vacances appel\u00e9s &quot;Rural Gomera&quot; en ville - parfois \u00e0 la journ\u00e9e (Lien\u00a0:\u00a0<a href=\"http:\/\/www.booking.com\/hotel\/es\/rural-gomera.html?aid=803872\" target=\"_blank\" rel=\"noopener\">Gomera rurale<\/a>). L&#039;un d&#039;eux est en retrait de la route directement \u00e0 droite du restaurant, l&#039;autre \u00e0 environ 300 m du restaurant (<a href=\"https:\/\/goo.gl\/maps\/APCtQsV1npy\" target=\"_blank\" rel=\"noopener\">Localisation sur Google Maps<\/a>).<\/p>\n<p>La ligne de bus n\u00b0 1 de l&#039;\u00eele s&#039;arr\u00eate \u00e9galement juste devant le restaurant &quot;El Jape&quot; - il y a donc une liaison directe vers San Sebasti\u00e1n ou vers Valle Gran Rey. Si vous le souhaitez, vous pouvez utiliser ce point pour d\u00e9marrer la randonn\u00e9e circulaire (commencez par l&#039;\u00e9tape 3) ou pour descendre.<\/p>\n<\/div>\n<\/div><\/div><\/div><div id=\"pgc-54-1-1\"  class=\"panel-grid-cell\" ><div id=\"panel-54-1-1-0\" class=\"so-panel widget widget_text panel-first-child\" data-index=\"2\" ><h3 class=\"widget-title\">Faits de l&#039;\u00e9tape 2<\/h3>\t\t\t<div class=\"textwidget\"><p><b>Altitude:<\/b> 950m de mont\u00e9e \/ 100m de descente<br \/>\n<b>Itin\u00e9raire:<\/b> 11 km<br \/>\n<b>Dur\u00e9e:<\/b> 4h30 (sans pauses)  <\/p>\n<\/div>\n\t\t<\/div><div id=\"panel-54-1-1-1\" class=\"so-panel widget widget_edd_product_details\" data-index=\"3\" ><h3 class=\"widget-title\">T\u00e9l\u00e9chargement de l&#039;itin\u00e9raire - \u00c9tape 2 (fichier GPX)<\/h3>\t<form id=\"edd_purchase_571\" class=\"edd_download_purchase_form edd_purchase_571\" method=\"post\" action=\"\">\n\n\t\t\n\t\t<div class=\"edd_purchase_submit_wrapper\">\n\t\t\t<button class=\"edd-add-to-cart button orange edd-submit\" data-nonce=\"835a4ab32f\" data-timestamp=\"1777480849\" data-token=\"9ad73a415e35cb86d6d746fe825d67361d9c9ff0dfb56e3ad9e12fead02b1731\" data-action=\"edd_add_to_cart\" data-download-id=\"571\" data-variable-price=\"no\" data-price-mode=\"single\" data-price=\"0.00\" ><span class=\"edd-add-to-cart-label\">Gratuit - Dans le panier de la m\u00e9nag\u00e8re<\/span> <span class=\"edd-loading\" aria-label=\"Chargement en cours\"><\/span><\/button><input type=\"submit\" class=\"edd-add-to-cart edd-no-js button orange edd-submit\" name=\"edd_purchase_download\" value=\"Gratuit - Dans le panier de la m\u00e9nag\u00e8re\" data-action=\"edd_add_to_cart\" data-download-id=\"571\" data-variable-price=\"no\" data-price-mode=\"single\" \/><a href=\"https:\/\/www.rundwanderung-lagomera.de\/fr\/checkout\/?nocache=true\" class=\"edd_go_to_checkout button orange edd-submit\" style=\"display:none;\">Voir Panier d&#039;achat<\/a>\n\t\t\t\t\t\t\t<span class=\"edd-cart-ajax-alert\" aria-live=\"assertive\">\n\t\t\t\t\t<span class=\"edd-cart-added-alert\" style=\"display: none;\">\n\t\t\t\t\t\t<svg class=\"edd-icon edd-icon-check\" xmlns=\"http:\/\/www.w3.org\/2000\/svg\" width=\"28\" height=\"28\" viewbox=\"0 0 28 28\" aria-hidden=\"true\">\n\t\t\t\t\t\t\t<path d=\"M26.11 8.844c0 .39-.157.78-.44 1.062L12.234 23.344c-.28.28-.672.438-1.062.438s-.78-.156-1.06-.438l-7.782-7.78c-.28-.282-.438-.673-.438-1.063s.156-.78.438-1.06l2.125-2.126c.28-.28.672-.438 1.062-.438s.78.156 1.062.438l4.594 4.61L21.42 5.656c.282-.28.673-.438 1.063-.438s.78.155 1.062.437l2.125 2.125c.28.28.438.672.438 1.062z\"\/>\n\t\t\t\t\t\t<\/svg>\n\t\t\t\t\t\tAjout\u00e9 au panier\t\t\t\t\t<\/span>\n\t\t\t\t<\/span>\n\t\t\t\t\t\t\t\t<\/div><!--end .edd_purchase_submit_wrapper-->\n\n\t\t<input type=\"hidden\" name=\"download_id\" value=\"571\">\n\t\t\t\t\t\t\t<input type=\"hidden\" name=\"edd_action\" class=\"edd_action_input\" value=\"add_to_cart\">\n\t\t\n\t\t\n\t\t\n\t\t\n\t<input type=\"hidden\" name=\"trp-form-language\" value=\"fr\"\/><\/form><!--end #edd_purchase_571-->\n\t<\/div><div id=\"panel-54-1-1-2\" class=\"so-panel widget widget_text\" data-index=\"4\" >\t\t\t<div class=\"textwidget\"><p>Tous les autres t\u00e9l\u00e9chargements sont disponibles sur <a href=\"https:\/\/www.rundwanderung-lagomera.de\/fr\/cartes-en-lignehors-ligne\/\">Plans<\/a>.<\/p>\n<\/div>\n\t\t<\/div><div id=\"panel-54-1-1-3\" class=\"so-panel widget widget_sow-editor panel-last-child\" data-index=\"5\" ><div\n\t\t\t\n\t\t\tclass=\"so-widget-sow-editor so-widget-sow-editor-base\"\n\t\t\t\n\t\t>\n<div class=\"siteorigin-widget-tinymce textwidget\">\n\t<p><a href=\"https:\/\/www.rundwanderung-lagomera.de\/wp-content\/uploads\/2014\/10\/Auf-Etappe-2-Blick-bis-auf-die-Nachbarinsel-La-Palma.jpg\"><img loading=\"lazy\" decoding=\"async\" class=\"alignnone wp-image-3052 size-full\" src=\"https:\/\/www.rundwanderung-lagomera.de\/wp-content\/uploads\/2014\/10\/Auf-Etappe-2-Blick-bis-auf-die-Nachbarinsel-La-Palma.jpg\" alt=\"Sur sc\u00e8ne 2 - vue sur l&#039;\u00eele voisine de La Palma\" width=\"800\" height=\"800\" srcset=\"https:\/\/www.rundwanderung-lagomera.de\/wp-content\/uploads\/2014\/10\/Auf-Etappe-2-Blick-bis-auf-die-Nachbarinsel-La-Palma.jpg 800w, https:\/\/www.rundwanderung-lagomera.de\/wp-content\/uploads\/2014\/10\/Auf-Etappe-2-Blick-bis-auf-die-Nachbarinsel-La-Palma-150x150.jpg 150w, https:\/\/www.rundwanderung-lagomera.de\/wp-content\/uploads\/2014\/10\/Auf-Etappe-2-Blick-bis-auf-die-Nachbarinsel-La-Palma-300x300.jpg 300w, https:\/\/www.rundwanderung-lagomera.de\/wp-content\/uploads\/2014\/10\/Auf-Etappe-2-Blick-bis-auf-die-Nachbarinsel-La-Palma-768x768.jpg 768w\" sizes=\"auto, (max-width: 800px) 100vw, 800px\" \/><\/a><\/p>\n<\/div>\n<\/div><\/div><\/div><\/div><div id=\"pg-54-2\"  class=\"panel-grid panel-no-style\" ><div id=\"pgc-54-2-0\"  class=\"panel-grid-cell\" ><div id=\"panel-54-2-0-0\" class=\"so-panel widget widget_sow-image panel-first-child panel-last-child\" data-index=\"6\" ><div\n\t\t\t\n\t\t\tclass=\"so-widget-sow-image so-widget-sow-image-default-8b5b6f678277-54\"\n\t\t\t\n\t\t>\n<div class=\"sow-image-container\">\n\t\t\t<a href=\"https:\/\/www.rundwandern-lagomera.de\/wp-content\/uploads\/2014\/10\/Etappe-2-H\u00f6henwanderweg-mit-Blick-auf-Arure.jpg\">\n\t\t\t<img \n\tsrc=\"https:\/\/www.rundwandern-lagomera.de\/wp-content\/uploads\/2014\/10\/Etappe-2-H\u00f6henwanderweg-mit-Blick-auf-Arure.jpg\" width=\"1200\" height=\"458\" srcset=\"\" sizes=\"(max-width: 1200px) 100vw, 1200px\" title=\"Etape 2 - Sentier d&#039;altitude surplombant Arure\" alt=\"\" \t\tclass=\"so-widget-image\" data-srcset=\"\"\/>\n\t\t\t<\/a><\/div>\n\n<\/div><\/div><\/div><\/div><div id=\"pg-54-3\"  class=\"panel-grid panel-no-style\" ><div id=\"pgc-54-3-0\"  class=\"panel-grid-cell panel-grid-cell-mobile-last\" ><div id=\"panel-54-3-0-0\" class=\"so-panel widget widget_text panel-first-child\" data-index=\"7\" ><h3 class=\"widget-title\">D&#039;Arure \u00e0 Las Hayas<\/h3>\t\t\t<div class=\"textwidget\"><p>A partir d&#039;Arure, plusieurs chemins m\u00e8nent \u00e0 &quot;Las Hayas&quot;, chacun \u00e9tant bien balis\u00e9. Il est donc tout \u00e0 fait possible que vous vous perdiez dans les panneaux et que vous arriviez \u00e0 &quot;Las Hayas&quot; par un itin\u00e9raire diff\u00e9rent de celui d\u00e9crit ici. Ce n&#039;est pas mal : demain nous aurons l&#039;occasion d&#039;essayer un autre chemin de retour pour rejoindre le point d&#039;entr\u00e9e du GR-132.<br \/>\nNotre chemin vers &quot;Las Hayas&quot;: Du restaurant &quot;El Jape&quot;, nous reprenons la route principale et bifurquons vers la chapelle &quot;Ermita Virgen de la Salud&quot;. La destination de l&#039;\u00e9tape d&#039;aujourd&#039;hui &quot;Las Hayas&quot; est d\u00e9j\u00e0 \u00e9crite ici. Derri\u00e8re la petite chapelle, le chemin passe devant une maison aux balustrades bleu vif et un petit barrage. Le chemin monte tranquillement et nous traversons plusieurs fois la route. Lorsque nous passons devant des ruches et \u00e0 travers des parcelles cl\u00f4tur\u00e9es sur une petite colline, nous rencontrons \u00e0 nouveau une route goudronn\u00e9e, nous tournons \u00e0 gauche le long de la cl\u00f4ture \u00e0 mailles losang\u00e9es en direction d&#039;une petite tour radio (waypoint 7, nous ignorons les autres panneaux indiquant &quot;Las Hayas&quot;. cet endroit).<br \/>\nLa route goudronn\u00e9e devient bient\u00f4t un chemin de campagne et il y a des vues sur le paysage l\u00e9g\u00e8rement vallonn\u00e9 \u00e0 gauche et \u00e0 droite - un contraste frappant avec le terrain que nous avons parcouru ce matin\u00a0! Dans une for\u00eat de pins, il descend pendant un court moment. L\u00e0, un chemin bifurque vers la gauche pour revenir \u00e0 &quot;Arure&quot; (waypoint 8). Celui-ci nous y ram\u00e8nera demain. Mais aujourd&#039;hui, nous continuons tout droit jusqu&#039;\u00e0 ce que les premi\u00e8res maisons de &quot;Las Hayas&quot; apparaissent et peu de temps apr\u00e8s, nous rencontrons la rue principale. De l\u00e0, nous continuons \u00e0 monter jusqu&#039;au centre de la petite ville.<\/p>\n<\/div>\n\t\t<\/div><div id=\"panel-54-3-0-1\" class=\"so-panel widget widget_sow-editor panel-last-child\" data-index=\"8\" ><div\n\t\t\t\n\t\t\tclass=\"so-widget-sow-editor so-widget-sow-editor-base\"\n\t\t\t\n\t\t><h3 class=\"widget-title\">variantes et abr\u00e9viations<\/h3>\n<div class=\"siteorigin-widget-tinymce textwidget\">\n\t<p>La ligne de bus 1 croise en plusieurs points l&#039;itin\u00e9raire de randonn\u00e9e de l&#039;\u00e9tape 2 et permet donc diverses variantes et raccourcis :<\/p>\n<p>Arure : Le bus s&#039;arr\u00eate juste devant le restaurant &quot;El Jape&quot;. De l\u00e0, vous pouvez retourner \u00e0 &quot;Valle Gran Rey&quot; ou \u00e0 &quot;San Sebansti\u00e1n&quot; si n\u00e9cessaire. De plus, vous pouvez bien s\u00fbr \u00e9galement prendre un taxi pour retourner \u00e0 la &quot;Valle Gran Rey&quot; et partager le taxi avec d&#039;autres randonneurs si n\u00e9cessaire. Il y a aussi quelques h\u00e9bergements \u00e0 Arure, donc avec un peu de chance vous pourrez vous \u00e9pargner le &quot;d\u00e9tour&quot; vers Las Hayas et ainsi raccourcir les \u00e9tapes 2 et 3 d&#039;une heure chacune.<\/p>\n<p>Las Hayas : Le lieu &quot;Las Hayas&quot; n&#039;est qu&#039;\u00e0 un arr\u00eat de bus d&#039;Arure sur la ligne 1 et offre donc les m\u00eames possibilit\u00e9s de correspondance.<\/p>\n<\/div>\n<\/div><\/div><\/div><div id=\"pgc-54-3-1\"  class=\"panel-grid-cell panel-grid-cell-empty\" ><\/div><\/div><\/div>","protected":false},"excerpt":{"rendered":"<p>Unser zweiter Wandertag beginnt im Ortsteil \u201eLa Calera\u201c. Durch die engen Gassen wandern wir im Ort nach oben, bis wir den Antennenmast direkt oberhalb des Ortes erreichen (Wegpunkt 1). \u00dcber vier Steinstufen f\u00fchrt uns der Pfad von hier aus weiter bis zum einem Wegweiser, wo wir wieder auf den offiziell ausgewiesenen Weg GR-132 treffen (Wegpunkt [&hellip;]<\/p>\n","protected":false},"author":1,"featured_media":0,"comment_status":"closed","ping_status":"closed","sticky":false,"template":"","format":"standard","meta":{"footnotes":""},"categories":[13],"tags":[],"class_list":["post-54","post","type-post","status-publish","format-standard","hentry","category-etappe-2"],"_links":{"self":[{"href":"https:\/\/www.rundwanderung-lagomera.de\/fr\/wp-json\/wp\/v2\/posts\/54","targetHints":{"allow":["GET"]}}],"collection":[{"href":"https:\/\/www.rundwanderung-lagomera.de\/fr\/wp-json\/wp\/v2\/posts"}],"about":[{"href":"https:\/\/www.rundwanderung-lagomera.de\/fr\/wp-json\/wp\/v2\/types\/post"}],"author":[{"embeddable":true,"href":"https:\/\/www.rundwanderung-lagomera.de\/fr\/wp-json\/wp\/v2\/users\/1"}],"replies":[{"embeddable":true,"href":"https:\/\/www.rundwanderung-lagomera.de\/fr\/wp-json\/wp\/v2\/comments?post=54"}],"version-history":[{"count":0,"href":"https:\/\/www.rundwanderung-lagomera.de\/fr\/wp-json\/wp\/v2\/posts\/54\/revisions"}],"wp:attachment":[{"href":"https:\/\/www.rundwanderung-lagomera.de\/fr\/wp-json\/wp\/v2\/media?parent=54"}],"wp:term":[{"taxonomy":"category","embeddable":true,"href":"https:\/\/www.rundwanderung-lagomera.de\/fr\/wp-json\/wp\/v2\/categories?post=54"},{"taxonomy":"post_tag","embeddable":true,"href":"https:\/\/www.rundwanderung-lagomera.de\/fr\/wp-json\/wp\/v2\/tags?post=54"}],"curies":[{"name":"wp","href":"https:\/\/api.w.org\/{rel}","templated":true}]}}