{"id":28045,"date":"2021-01-04T10:59:57","date_gmt":"2021-01-04T09:59:57","guid":{"rendered":"https:\/\/www.rundwanderung-lagomera.de\/?p=28045"},"modified":"2023-02-20T08:30:38","modified_gmt":"2023-02-20T07:30:38","slug":"transport-de-bagages-en-taxi","status":"publish","type":"post","link":"https:\/\/www.rundwanderung-lagomera.de\/fr\/gepaecktransport-mit-dem-taxi\/","title":{"rendered":"Transport de bagages sur La Gomera - \u00e9galement pour les voyageurs individuels"},"content":{"rendered":"<div id=\"pl-28045\"  class=\"panel-layout\" ><div id=\"pg-28045-0\"  class=\"panel-grid panel-no-style\" ><div id=\"pgc-28045-0-0\"  class=\"panel-grid-cell\" ><div id=\"panel-28045-0-0-0\" class=\"so-panel widget widget_sow-editor panel-first-child panel-last-child\" data-index=\"0\" ><div\n\t\t\t\n\t\t\tclass=\"so-widget-sow-editor so-widget-sow-editor-base\"\n\t\t\t\n\t\t>\n<div class=\"siteorigin-widget-tinymce textwidget\">\n\t<p>Si vous planifiez une randonn\u00e9e longue distance individuellement, vous ne pouvez g\u00e9n\u00e9ralement pas \u00e9viter de transporter tous vos bagages dans un sac \u00e0 dos de randonn\u00e9e. Pour les randonn\u00e9es de longue distance sur La Gomera, il est d\u00e9sormais possible de r\u00e9server le transport individuel des bagages en taxi !<\/p>\n<p>\u00c0 ce stade, un grand merci \u00e0 Sigrid, qui a fait d&#039;excellentes recherches et a \u00e9t\u00e9 la premi\u00e8re \u00e0 l&#039;essayer (voir <a href=\"https:\/\/www.rundwanderung-lagomera.de\/fr\/plus-de-variantes\/#comment-5376\">Commentaire d\u00e9taill\u00e9 de Sigrid<\/a>)!<\/p>\n<p>Si vous planifiez en cons\u00e9quence, le transport des bagages en taxi n&#039;est n\u00e9cessaire que trois jours sur six. La planification des tourn\u00e9es fonctionne comme ceci\u00a0:<\/p>\n<ul>\n<li>Le premier jour: voyagez en bus (bagages inclus) directement \u00e0 Valle Gran Rey. Vous y s\u00e9journerez 2 nuits cons\u00e9cutives.<\/li>\n<li>Depuis Valle Gran Rey, l&#039;\u00e9tape 1 est soit parcourue normalement, soit en sens inverse\/en mont\u00e9e (trajet en bus avec la ligne 1, voir <a href=\"https:\/\/www.rundwanderung-lagomera.de\/fr\/lignes-de-bus-sur-la-gomera-ligne-1-valle-gran-rey-san-sebastian\/\" target=\"_blank\" rel=\"noopener ugc\">ici<\/a>)<\/li>\n<li>L&#039;\u00e9tape 2 suit le lendemain. Retour en bus \u00e0 Valle Gran Rey.<\/li>\n<li>Le trajet jusqu&#039;au point de d\u00e9part de l&#039;\u00e9tape 3 se fait en taxi, qui emm\u00e8ne ensuite les bagages \u00e0 Vallehermoso.<\/li>\n<li>Sur les \u00e9tapes 4 et 5, les bagages seront transport\u00e9s en taxi.<\/li>\n<li>Enfin, deux nuits \u00e0 San Sebasti\u00e1n sont n\u00e9cessaires (apr\u00e8s l&#039;\u00e9tape 6 retour en bus).<\/li>\n<\/ul>\n<\/div>\n<\/div><\/div><\/div><div id=\"pgc-28045-0-1\"  class=\"panel-grid-cell\" ><div id=\"panel-28045-0-1-0\" class=\"so-panel widget widget_sow-image panel-first-child panel-last-child\" data-index=\"1\" ><div\n\t\t\t\n\t\t\tclass=\"so-widget-sow-image so-widget-sow-image-default-8b5b6f678277-28045\"\n\t\t\t\n\t\t>\n<div class=\"sow-image-container\">\n\t\t<img \n\tsrc=\"https:\/\/www.rundwanderung-lagomera.de\/wp-content\/uploads\/2014\/10\/Auf-Etappe-2-Blick-bis-auf-die-Nachbarinsel-La-Palma.jpg\" width=\"800\" height=\"800\" srcset=\"https:\/\/www.rundwanderung-lagomera.de\/wp-content\/uploads\/2014\/10\/Auf-Etappe-2-Blick-bis-auf-die-Nachbarinsel-La-Palma.jpg 800w, https:\/\/www.rundwanderung-lagomera.de\/wp-content\/uploads\/2014\/10\/Auf-Etappe-2-Blick-bis-auf-die-Nachbarinsel-La-Palma-150x150.jpg 150w, https:\/\/www.rundwanderung-lagomera.de\/wp-content\/uploads\/2014\/10\/Auf-Etappe-2-Blick-bis-auf-die-Nachbarinsel-La-Palma-300x300.jpg 300w, https:\/\/www.rundwanderung-lagomera.de\/wp-content\/uploads\/2014\/10\/Auf-Etappe-2-Blick-bis-auf-die-Nachbarinsel-La-Palma-768x768.jpg 768w\" sizes=\"(max-width: 800px) 100vw, 800px\" title=\"Transporter ses propres bagages n&#039;est pas pour tout le monde\" alt=\"\" \t\tclass=\"so-widget-image\"\/>\n\t<\/div>\n\n<h3 class=\"widget-title\">Transporter ses propres bagages n&#039;est pas pour tout le monde<\/h3><\/div><\/div><\/div><\/div><div id=\"pg-28045-1\"  class=\"panel-grid panel-no-style\" ><div id=\"pgc-28045-1-0\"  class=\"panel-grid-cell\" ><div id=\"panel-28045-1-0-0\" class=\"so-panel widget widget_sow-image panel-first-child panel-last-child\" data-index=\"2\" ><div\n\t\t\t\n\t\t\tclass=\"so-widget-sow-image so-widget-sow-image-default-8b5b6f678277-28045\"\n\t\t\t\n\t\t>\n<div class=\"sow-image-container\">\n\t\t<img \n\tsrc=\"https:\/\/www.rundwanderung-lagomera.de\/wp-content\/uploads\/2021\/01\/Taxi-La-Gomera.jpg\" width=\"720\" height=\"710\" srcset=\"https:\/\/www.rundwanderung-lagomera.de\/wp-content\/uploads\/2021\/01\/Taxi-La-Gomera.jpg 720w, https:\/\/www.rundwanderung-lagomera.de\/wp-content\/uploads\/2021\/01\/Taxi-La-Gomera-300x296.jpg 300w\" sizes=\"(max-width: 720px) 100vw, 720px\" title=\"Taxi La Gomera\" alt=\"\" \t\tclass=\"so-widget-image\"\/>\n\t<\/div>\n\n<\/div><\/div><\/div><div id=\"pgc-28045-1-1\"  class=\"panel-grid-cell\" ><div id=\"panel-28045-1-1-0\" class=\"so-panel widget widget_sow-editor panel-first-child panel-last-child\" data-index=\"3\" ><div\n\t\t\t\n\t\t\tclass=\"so-widget-sow-editor so-widget-sow-editor-base\"\n\t\t\t\n\t\t><h3 class=\"widget-title\">R\u00e9server un transport de bagages en taxi<\/h3>\n<div class=\"siteorigin-widget-tinymce textwidget\">\n\t<p>Sur la base des recherches et de l&#039;exp\u00e9rience de Sigrid, nous recommandons la compagnie de taxi &quot;Goyo&quot;, qui accepte les commandes de transport de bagages par e-mail. Avec &quot;Goyo&quot; j&#039;ai vot\u00e9 les points suivants :<\/p>\n<ul>\n<li>Chauffeur de taxi\u00a0: Jos\u00e9 Gregorio Mart\u00edn Barroso (surnom &quot;Goyo&quot;), e-mail\u00a0: <a href=\"mailto:goyomarba@gmail.com\" rel=\"ugc\">goyomarba@gmail.com<\/a>, Mobile : +34-690032362. \u00c9tant donn\u00e9 que Goyo ne parle que quelques mots d&#039;anglais, il est logique de traduire les e-mails \u00e0 l&#039;aide de &quot;Google Translate&quot; (Lien\u00a0: <a href=\"https:\/\/translate.google.com\/\" target=\"_blank\" rel=\"noopener\">translate.google.com<\/a>).<\/li>\n<li>Le transport des bagages est offert pour les tron\u00e7ons suivants : Valle Gran Rey - Vallehermoso - Hermigua - San Sebasti\u00e1n (3 \u00e9tapes).<\/li>\n<li>Prix : forfait d'environ 150\u20ac pour 1 \u00e0 4 personnes pour les trois \u00e9tapes. Le paiement se fait en esp\u00e8ces lors du premier voyage.<\/li>\n<li>La compagnie de taxi de Goyo collabore avec d&#039;autres chauffeurs de taxi sur La Gomera (en particulier \u00e0 Valle Gran Rey) si n\u00e9cessaire.<\/li>\n<li>Le transport des bagages a lieu le matin (dans la plupart des h\u00e9bergements, la r\u00e9ception est ouverte toute la matin\u00e9e).<\/li>\n<li>Les bagages doivent \u00eatre \u00e9tiquet\u00e9s avec une \u00e9tiquette nominative.<\/li>\n<li>Les demandes de r\u00e9servation doivent \u00eatre envoy\u00e9es par e-mail au moins 10 jours \u00e0 l&#039;avance. Pour r\u00e9duire l&#039;effort de coordination, le mod\u00e8le suivant peut \u00eatre utilis\u00e9\u00a0:<\/li>\n<\/ul>\n<\/div>\n<\/div><\/div><\/div><\/div><div id=\"pg-28045-2\"  class=\"panel-grid panel-no-style\" ><div id=\"pgc-28045-2-0\"  class=\"panel-grid-cell panel-grid-cell-empty\" ><\/div><div id=\"pgc-28045-2-1\"  class=\"panel-grid-cell panel-grid-cell-mobile-last\" ><div id=\"panel-28045-2-1-0\" class=\"so-panel widget widget_sow-editor panel-first-child panel-last-child\" data-index=\"4\" ><div\n\t\t\t\n\t\t\tclass=\"so-widget-sow-editor so-widget-sow-editor-base\"\n\t\t\t\n\t\t><h3 class=\"widget-title\">mod\u00e8le de courrier<\/h3>\n<div class=\"siteorigin-widget-tinymce textwidget\">\n\t<p>Copiez, remplissez et envoyez par e-mail au chauffeur de taxi\u00a0: <a href=\"mailto:goyomarba@gmail.com\" rel=\"ugc\">goyomarba@gmail.com<\/a><\/p>\n<div class=\"su-note\"  style=\"border-color:#dedede;border-radius:3px;-moz-border-radius:3px;-webkit-border-radius:3px;\">\n<div class=\"su-note-inner su-u-clearfix su-u-trim\" style=\"background-color:#F8F8F8;border-color:#ffffff;color:#333333;border-radius:3px;-moz-border-radius:3px;-webkit-border-radius:3px;\">\n<h4>Demande de r\u00e9servation (demande de r\u00e9servation \/ solicitud de reserva)<\/h4>\n<p>Nom et Pr\u00e9nom (Nombre y apellido): ____<br \/>\nNombre de personnes (N\u00famero de personas): ____<br \/>\nNum\u00e9ro de portable (N\u00famero de tel\u00e9fono m\u00f3vil): ____<\/p>\n<h5 class=\"widget-title\">A. Valle Gran Rey - Arure - Vallehermoso<\/h5>\n<p>Date (F\u00eate)\u00a0: ____<br \/>\nHeure de prise en charge (Hora de recogida): ____<br \/>\nAdresse de prise en charge (Direcci\u00f3n de recogida)\u00a0: ____<br \/>\nAdresse de destination (Direction de destination)\u00a0: ____<\/p>\n<h5 class=\"widget-title\">B. Vallehermoso-Hermigua<\/h5>\n<p>Date (F\u00eate)\u00a0: ____<br \/>\nAdresse de destination (Direction de destination)\u00a0: ____<\/p>\n<h5 class=\"widget-title\">C. Hermigua\u2014Saint-S\u00e9bastien<\/h5>\n<p>Date (F\u00eate)\u00a0: ____<br \/>\nAdresse de destination (Direction de destination)\u00a0: ____\n<\/div>\n<\/div>\n<\/div>\n<\/div><\/div><\/div><div id=\"pgc-28045-2-2\"  class=\"panel-grid-cell panel-grid-cell-empty\" ><\/div><\/div><div id=\"pg-28045-3\"  class=\"panel-grid panel-no-style\" ><div id=\"pgc-28045-3-0\"  class=\"panel-grid-cell\" ><div id=\"panel-28045-3-0-0\" class=\"so-panel widget widget_sow-editor panel-first-child panel-last-child\" data-index=\"5\" ><div\n\t\t\t\n\t\t\tclass=\"so-widget-sow-editor so-widget-sow-editor-base\"\n\t\t\t\n\t\t>\n<div class=\"siteorigin-widget-tinymce textwidget\">\n\t<p>Remarque : Nous ne sommes pas une agence de voyage et nous ne sommes pas un interm\u00e9diaire pour les services de taxi. Cependant, nous sommes heureux de pouvoir apporter une petite contribution au d\u00e9veloppement \u00e9conomique local avec les informations ci-dessus.<\/p>\n<p>Et bien s\u00fbr nous attendons avec impatience les retours et reportages sur le transport des bagages sur La Gomera !<\/p>\n<\/div>\n<\/div><\/div><\/div><\/div><\/div>","protected":false},"excerpt":{"rendered":"<p>Wer eine Fernwanderung individuell plant, kommt normalerweise nicht darum herum, sein ganzes Gep\u00e4ck im Wanderrucksack tragen zu m\u00fcssen. F\u00fcr die Fernwanderung auf La Gomera gibt es aber seit neuestem die M\u00f6glichkeit, sich individuell einen Gep\u00e4cktransport per Taxi zu buchen! An dieser Stelle vielen Dank an Sigrid, die das hervorragend recherchiert und als erstes ausprobiert hat [&hellip;]<\/p>\n","protected":false},"author":1,"featured_media":0,"comment_status":"open","ping_status":"closed","sticky":false,"template":"","format":"standard","meta":{"footnotes":""},"categories":[1],"tags":[],"class_list":["post-28045","post","type-post","status-publish","format-standard","hentry","category-uncategorized"],"_links":{"self":[{"href":"https:\/\/www.rundwanderung-lagomera.de\/fr\/wp-json\/wp\/v2\/posts\/28045","targetHints":{"allow":["GET"]}}],"collection":[{"href":"https:\/\/www.rundwanderung-lagomera.de\/fr\/wp-json\/wp\/v2\/posts"}],"about":[{"href":"https:\/\/www.rundwanderung-lagomera.de\/fr\/wp-json\/wp\/v2\/types\/post"}],"author":[{"embeddable":true,"href":"https:\/\/www.rundwanderung-lagomera.de\/fr\/wp-json\/wp\/v2\/users\/1"}],"replies":[{"embeddable":true,"href":"https:\/\/www.rundwanderung-lagomera.de\/fr\/wp-json\/wp\/v2\/comments?post=28045"}],"version-history":[{"count":21,"href":"https:\/\/www.rundwanderung-lagomera.de\/fr\/wp-json\/wp\/v2\/posts\/28045\/revisions"}],"predecessor-version":[{"id":32942,"href":"https:\/\/www.rundwanderung-lagomera.de\/fr\/wp-json\/wp\/v2\/posts\/28045\/revisions\/32942"}],"wp:attachment":[{"href":"https:\/\/www.rundwanderung-lagomera.de\/fr\/wp-json\/wp\/v2\/media?parent=28045"}],"wp:term":[{"taxonomy":"category","embeddable":true,"href":"https:\/\/www.rundwanderung-lagomera.de\/fr\/wp-json\/wp\/v2\/categories?post=28045"},{"taxonomy":"post_tag","embeddable":true,"href":"https:\/\/www.rundwanderung-lagomera.de\/fr\/wp-json\/wp\/v2\/tags?post=28045"}],"curies":[{"name":"wp","href":"https:\/\/api.w.org\/{rel}","templated":true}]}}